{"id":11438,"date":"2015-09-23T13:13:14","date_gmt":"2015-09-23T13:13:14","guid":{"rendered":"http:\/\/electroimplicate.es\/?p=11438"},"modified":"2015-09-26T02:15:53","modified_gmt":"2015-09-26T02:15:53","slug":"huelva-y-motril-acogieron-los-primeros-stands-de-la-campana-la-naturaleza-no-necesita-que-le-echemos-ningun-cable","status":"publish","type":"post","link":"https:\/\/www.fael.es\/electroimplicate\/huelva-y-motril-acogieron-los-primeros-stands-de-la-campana-la-naturaleza-no-necesita-que-le-echemos-ningun-cable\/","title":{"rendered":"Huelva y Motril acogieron los primeros stands de la campa\u00f1a \u201cLa naturaleza no necesita que le echemos ning\u00fan cable\u201d"},"content":{"rendered":"<p style=\"text-align: justify;\">Ayer se celebraron a partir de las 10:00 horas en las localidades de Huelva y Motril los primeros stands de sensibilizaci\u00f3n y concienciaci\u00f3n ciudadana de la campa\u00f1a para el reciclaje del Peque\u00f1o Aparato Electrodom\u00e9stico (PAE) llamada \u201cLa naturaleza no necesita que le echemos ning\u00fan cable\u201d.<\/p>\n<p style=\"text-align: justify;\">En Motril estuvo presente el teniente de alcalde y responsable de LIMDECO Don Francisco S\u00e1nchez-Cantalejo y en Huelva atendi\u00f3 a los medios Irene Lagares, T\u00e9cnica en Comercio de la Federaci\u00f3n Andaluza de Electrodom\u00e9sticos (FAEL). Los stands se habilitaron en la Plaza de la Aurora y en el Mercado del Carmen, respectivamente.<\/p>\n<p style=\"text-align: justify;\">El acto ha tenido lugar en el marco de dicha campa\u00f1a promovida por la Federaci\u00f3n Andaluza de Electrodom\u00e9sticos (FAEL), la Consejer\u00eda de Medio Ambiente y Ordenaci\u00f3n del Territorio junto con los Sistemas Colectivos de Responsabilidad Ampliada Ecolec, Ecotic, ERP (European Recycling Platform), Ecoasimelec (Recyclia) y la planta de reciclaje Recilec. En los eventos se repartieron folletos informativos y bolsas para el traslado de estos residuos. Se pretende que la poblaci\u00f3n acuda al contenedor de PAE m\u00e1s cercano para que deposite sus peque\u00f1os electrodom\u00e9sticos sin vida \u00fatil.<\/p>\n<p style=\"text-align: justify;\">Seg\u00fan Carlos J. Bejarano, Secretario General de FAEL, \u201cse espera superar la recogida de 2000 kg de PAE en los establecimientos que participan en la campa\u00f1a\u201d. FAEL cuenta con m\u00e1s de 1600 comercios adheridos, de los cuales 800 disponen de un contenedor para desechar este tipo de residuos.<\/p>\n<p><a href=\"http:\/\/electroimplicate.es\/wp-content\/uploads\/2015\/09\/IMG-20150922-WA0012-2.jpg\"><img decoding=\"async\" loading=\"lazy\" class=\"alignnone size-full wp-image-11439\" src=\"http:\/\/electroimplicate.es\/wp-content\/uploads\/2015\/09\/IMG-20150922-WA0012-2.jpg\" alt=\"IMG-20150922-WA0012 2\" width=\"900\" height=\"754\" srcset=\"https:\/\/www.fael.es\/electroimplicate\/wp-content\/uploads\/2015\/09\/IMG-20150922-WA0012-2.jpg 900w, https:\/\/www.fael.es\/electroimplicate\/wp-content\/uploads\/2015\/09\/IMG-20150922-WA0012-2-300x251.jpg 300w\" sizes=\"(max-width: 900px) 100vw, 900px\" \/><\/a><\/p>\n","protected":false},"excerpt":{"rendered":"<p>Ayer se celebraron a partir de las 10:00 horas en las localidades de Huelva y Motril los primeros stands de sensibilizaci\u00f3n y concienciaci\u00f3n ciudadana de la campa\u00f1a para el reciclaje del Peque\u00f1o Aparato Electrodom\u00e9stico (PAE) llamada \u201cLa naturaleza no necesita que le echemos ning\u00fan cable\u201d. En Motril estuvo presente el teniente de alcalde y responsable [&hellip;]<\/p>\n","protected":false},"author":1,"featured_media":11440,"comment_status":"open","ping_status":"open","sticky":false,"template":"","format":"standard","meta":[],"categories":[1,40],"tags":[],"_links":{"self":[{"href":"https:\/\/www.fael.es\/electroimplicate\/wp-json\/wp\/v2\/posts\/11438"}],"collection":[{"href":"https:\/\/www.fael.es\/electroimplicate\/wp-json\/wp\/v2\/posts"}],"about":[{"href":"https:\/\/www.fael.es\/electroimplicate\/wp-json\/wp\/v2\/types\/post"}],"author":[{"embeddable":true,"href":"https:\/\/www.fael.es\/electroimplicate\/wp-json\/wp\/v2\/users\/1"}],"replies":[{"embeddable":true,"href":"https:\/\/www.fael.es\/electroimplicate\/wp-json\/wp\/v2\/comments?post=11438"}],"version-history":[{"count":2,"href":"https:\/\/www.fael.es\/electroimplicate\/wp-json\/wp\/v2\/posts\/11438\/revisions"}],"predecessor-version":[{"id":11473,"href":"https:\/\/www.fael.es\/electroimplicate\/wp-json\/wp\/v2\/posts\/11438\/revisions\/11473"}],"wp:featuredmedia":[{"embeddable":true,"href":"https:\/\/www.fael.es\/electroimplicate\/wp-json\/wp\/v2\/media\/11440"}],"wp:attachment":[{"href":"https:\/\/www.fael.es\/electroimplicate\/wp-json\/wp\/v2\/media?parent=11438"}],"wp:term":[{"taxonomy":"category","embeddable":true,"href":"https:\/\/www.fael.es\/electroimplicate\/wp-json\/wp\/v2\/categories?post=11438"},{"taxonomy":"post_tag","embeddable":true,"href":"https:\/\/www.fael.es\/electroimplicate\/wp-json\/wp\/v2\/tags?post=11438"}],"curies":[{"name":"wp","href":"https:\/\/api.w.org\/{rel}","templated":true}]}}