{"id":11461,"date":"2015-09-25T13:12:32","date_gmt":"2015-09-25T13:12:32","guid":{"rendered":"http:\/\/electroimplicate.es\/?p=11461"},"modified":"2015-09-26T02:29:04","modified_gmt":"2015-09-26T02:29:04","slug":"los-municipios-de-osuna-y-albolote-cierran-la-primera-semana-de-celebracion-de-stands-de-la-campana-la-naturaleza-no-necesita-que-le-echemos-ningun-cable","status":"publish","type":"post","link":"https:\/\/www.fael.es\/electroimplicate\/los-municipios-de-osuna-y-albolote-cierran-la-primera-semana-de-celebracion-de-stands-de-la-campana-la-naturaleza-no-necesita-que-le-echemos-ningun-cable\/","title":{"rendered":"Los municipios de Osuna y Albolote cierran la primera semana de celebraci\u00f3n de Stands de la Campa\u00f1a \u00abLa Naturaleza no necesita que le echemos ning\u00fan cable\u00bb"},"content":{"rendered":"<p style=\"text-align: justify;\">En la ma\u00f1ana de hoy, en horario de 10 a 13 horas, la localidad sevillana de Osuna y la granadina de Albolote han acogido en una de sus zonas comerciales m\u00e1s importantes el stand \u201cLa naturaleza no necesita que le echemos ning\u00fan cable\u00bb.<\/p>\n<p style=\"text-align: justify;\">En Osuna, el puesto informativo se ha\u00a0instalado en la Plaza Mayor del municipio y en el mismo han estado presentes tanto el Delegado de Medio Ambiente, Benito Eslava Flores, como el Secretario General de FAEL, Carlos J. Bejarano Gonz\u00e1lez, quienes han atendido a los medios locales.\u00a0Por su parte, en la localidad\u00a0de Albolote el stand se ha\u00a0ubicado en la Plaza de Espa\u00f1a y se ha\u00a0asistido por t\u00e9cnicos de FAEL.<\/p>\n<p style=\"text-align: justify;\">En ambos expositores promocionales los t\u00e9cnicos de FAEL han informado a sus habitantes de la necesidad de depositar en lugares adecuados los peque\u00f1os electrodom\u00e9sticos sin vida \u00fatil. Asimismo, han repartido alrededor de 600 bolsas naranjas entre ambos municipios con el <em>leitmotiv<\/em>\u00a0de la campa\u00f1a a todo aquel que se ha acercado a los stands para obtener informaci\u00f3n. La labor\u00a0ha continuado visitando comercios e instituciones de las localidades\u00a0para concienciar sobre los beneficios del reciclaje de los peque\u00f1os electrodom\u00e9sticos.<\/p>\n<p style=\"text-align: justify;\">El proyecto\u00a0se desarrolla en el marco\u00a0del convenio de colaboraci\u00f3n acordado\u00a0entre la Federaci\u00f3n Andaluza de Electrodom\u00e9sticos (FAEL) con los Sistemas Colectivos de Responsabilidad Ampliada ECOLEC, ECOTIC, European Recycling Platform-ERP, RECYCLIA y la planta de tratamiento de residuos RECILEC, para impulsar y fomentar entre los comercios asociados la correcta recogida del PAE (Peque\u00f1o Aparato Electrodom\u00e9stico) y su posterior reciclado. As\u00ed, se ha puesto en marcha promovida conjuntamente por la Consejer\u00eda de Medio Ambiente y Ordenaci\u00f3n del Territorio la Campa\u00f1a de Informaci\u00f3n y Sensibilizaci\u00f3n para la gesti\u00f3n responsable de los RAEE en Andaluc\u00eda: \u201cLa naturaleza no necesita que le eches un cable\u201d con el anterior objetivo.<\/p>\n<p style=\"text-align: justify;\">\u00a1Pinche aqu\u00ed para ver las fotogaler\u00edas de los stands de <a href=\"https:\/\/www.facebook.com\/FederacionAndaluzaElectrodomesticos\/posts\/933555986716623\">Osuna<\/a> y <a href=\"https:\/\/www.facebook.com\/FederacionAndaluzaElectrodomesticos\/posts\/933551680050387\">Albolote<\/a>!<\/p>\n<p style=\"text-align: justify;\"><a href=\"http:\/\/electroimplicate.es\/wp-content\/uploads\/2015\/09\/IMG_20150925_100901.jpg\"><img decoding=\"async\" loading=\"lazy\" class=\"alignnone size-full wp-image-11463\" src=\"http:\/\/electroimplicate.es\/wp-content\/uploads\/2015\/09\/IMG_20150925_100901.jpg\" alt=\"Fotograf\u00eda Stand Albolote\" width=\"3264\" height=\"1836\" srcset=\"https:\/\/www.fael.es\/electroimplicate\/wp-content\/uploads\/2015\/09\/IMG_20150925_100901.jpg 3264w, https:\/\/www.fael.es\/electroimplicate\/wp-content\/uploads\/2015\/09\/IMG_20150925_100901-300x169.jpg 300w, https:\/\/www.fael.es\/electroimplicate\/wp-content\/uploads\/2015\/09\/IMG_20150925_100901-1024x576.jpg 1024w\" sizes=\"(max-width: 3264px) 100vw, 3264px\" \/><\/a><\/p>\n<p style=\"text-align: justify;\">\n","protected":false},"excerpt":{"rendered":"<p>En la ma\u00f1ana de hoy, en horario de 10 a 13 horas, la localidad sevillana de Osuna y la granadina de Albolote han acogido en una de sus zonas comerciales m\u00e1s importantes el stand \u201cLa naturaleza no necesita que le echemos ning\u00fan cable\u00bb. En Osuna, el puesto informativo se ha\u00a0instalado en la Plaza Mayor del [&hellip;]<\/p>\n","protected":false},"author":1,"featured_media":11468,"comment_status":"open","ping_status":"open","sticky":false,"template":"","format":"standard","meta":[],"categories":[1,40],"tags":[],"_links":{"self":[{"href":"https:\/\/www.fael.es\/electroimplicate\/wp-json\/wp\/v2\/posts\/11461"}],"collection":[{"href":"https:\/\/www.fael.es\/electroimplicate\/wp-json\/wp\/v2\/posts"}],"about":[{"href":"https:\/\/www.fael.es\/electroimplicate\/wp-json\/wp\/v2\/types\/post"}],"author":[{"embeddable":true,"href":"https:\/\/www.fael.es\/electroimplicate\/wp-json\/wp\/v2\/users\/1"}],"replies":[{"embeddable":true,"href":"https:\/\/www.fael.es\/electroimplicate\/wp-json\/wp\/v2\/comments?post=11461"}],"version-history":[{"count":7,"href":"https:\/\/www.fael.es\/electroimplicate\/wp-json\/wp\/v2\/posts\/11461\/revisions"}],"predecessor-version":[{"id":11478,"href":"https:\/\/www.fael.es\/electroimplicate\/wp-json\/wp\/v2\/posts\/11461\/revisions\/11478"}],"wp:featuredmedia":[{"embeddable":true,"href":"https:\/\/www.fael.es\/electroimplicate\/wp-json\/wp\/v2\/media\/11468"}],"wp:attachment":[{"href":"https:\/\/www.fael.es\/electroimplicate\/wp-json\/wp\/v2\/media?parent=11461"}],"wp:term":[{"taxonomy":"category","embeddable":true,"href":"https:\/\/www.fael.es\/electroimplicate\/wp-json\/wp\/v2\/categories?post=11461"},{"taxonomy":"post_tag","embeddable":true,"href":"https:\/\/www.fael.es\/electroimplicate\/wp-json\/wp\/v2\/tags?post=11461"}],"curies":[{"name":"wp","href":"https:\/\/api.w.org\/{rel}","templated":true}]}}