{"id":11493,"date":"2015-09-29T19:50:02","date_gmt":"2015-09-29T19:50:02","guid":{"rendered":"http:\/\/electroimplicate.es\/?p=11493"},"modified":"2015-09-29T19:50:02","modified_gmt":"2015-09-29T19:50:02","slug":"la-naturaleza-no-necesita-que-le-echemos-ningun-cable-en-sanlucar-la-mayor","status":"publish","type":"post","link":"https:\/\/www.fael.es\/electroimplicate\/la-naturaleza-no-necesita-que-le-echemos-ningun-cable-en-sanlucar-la-mayor\/","title":{"rendered":"\u201cLa naturaleza no necesita que le echemos ning\u00fan cable\u201d en Sanl\u00facar la Mayor"},"content":{"rendered":"<p style=\"text-align: justify;\">Hoy ha sido la sevillana localidad de Sanl\u00facar la Mayor el lugar escogido, en el habitual horario de 10:00 a 13:00 horas, como escaparate de la campa\u00f1a de reciclaje de PAE\u00a0con la intenci\u00f3n de concienciar y sensibilizar a sus vecinos de la necesidad de deshacerse de los peque\u00f1os electrodom\u00e9sticos sin vida\u00a0\u00fatil a trav\u00e9s de la v\u00eda adecuada.<\/p>\n<p style=\"text-align: justify;\">El puesto informativo se ha instalado en la Plaza Virgen de los Reyes, en la que se ubica el ayuntamiento del municipio. Como est\u00e1 siendo habitual en el resto de sitios visitados, la afluencia de p\u00fablico que ha participado en la actividad ha sido destacable. Al evento han acudido Ra\u00fal Castilla Gonz\u00e1lez, Dolores Roc\u00edo Mac\u00edas Silva y Rosario Vargas, alcalde, concejala de Medio Ambiente y T\u00e9cnica de Medio Ambiente de Sanl\u00facar la Mayor, respectivamente.<\/p>\n<p style=\"text-align: justify;\">El personal de la Federaci\u00f3n Andaluza de Electrodom\u00e9sticos (FAEL) ha distribuido folletos de informaci\u00f3n y bolsas para el traslado de los residuos de peque\u00f1os aparatos electr\u00f3nicos. Se ha proseguido con la visita a comercios del lugar para informar sobre la necesidad del reciclaje de los peque\u00f1os electrodom\u00e9sticos. Los habitantes de Sanl\u00facar la Mayor disponen de una tienda con contenedor de PAE en su localidad y otras diez m\u00e1s por la zona, entre las que se estima recoger 29 toneladas de estos residuos electr\u00f3nicos.<\/p>\n<p style=\"text-align: justify;\">La campa\u00f1a se pone en marcha de acuerdo al convenio de colaboraci\u00f3n suscrito entre FAEL con los Sistemas Colectivos de Responsabilidad Ampliada ECOLEC, ECOTIC, European Recycling Platform-ERP, RECYCLIA y la planta de reciclado de componentes electr\u00f3nicos RECILEC, para impulsar y fomentar entre los comercios adheridos la correcta recogida del PAE (Peque\u00f1o Aparato Electrodom\u00e9stico)\u00a0 y su posterior tratamiento. As\u00ed, se ha iniciado el proyecto promovido conjuntamente por FAEL y la Consejer\u00eda de Medio Ambiente y Ordenaci\u00f3n del Territorio para la gesti\u00f3n responsable de los RAEE en Andaluc\u00eda con el lema:\u00a0\u201cLa naturaleza no necesita que le echemos ning\u00fan cable\u201d.<\/p>\n<p style=\"text-align: justify;\"><a href=\"https:\/\/www.facebook.com\/FederacionAndaluzaElectrodomesticos\/posts\/935322896539932\">\u00a1Pinche aqu\u00ed para ver la fotogaler\u00eda del evento!<\/a><\/p>\n","protected":false},"excerpt":{"rendered":"<p>Hoy ha sido la sevillana localidad de Sanl\u00facar la Mayor el lugar escogido, en el habitual horario de 10:00 a 13:00 horas, como escaparate de la campa\u00f1a de reciclaje de PAE\u00a0con la intenci\u00f3n de concienciar y sensibilizar a sus vecinos de la necesidad de deshacerse de los peque\u00f1os electrodom\u00e9sticos sin vida\u00a0\u00fatil a trav\u00e9s de la [&hellip;]<\/p>\n","protected":false},"author":1,"featured_media":11494,"comment_status":"open","ping_status":"open","sticky":false,"template":"","format":"standard","meta":[],"categories":[40],"tags":[],"_links":{"self":[{"href":"https:\/\/www.fael.es\/electroimplicate\/wp-json\/wp\/v2\/posts\/11493"}],"collection":[{"href":"https:\/\/www.fael.es\/electroimplicate\/wp-json\/wp\/v2\/posts"}],"about":[{"href":"https:\/\/www.fael.es\/electroimplicate\/wp-json\/wp\/v2\/types\/post"}],"author":[{"embeddable":true,"href":"https:\/\/www.fael.es\/electroimplicate\/wp-json\/wp\/v2\/users\/1"}],"replies":[{"embeddable":true,"href":"https:\/\/www.fael.es\/electroimplicate\/wp-json\/wp\/v2\/comments?post=11493"}],"version-history":[{"count":1,"href":"https:\/\/www.fael.es\/electroimplicate\/wp-json\/wp\/v2\/posts\/11493\/revisions"}],"predecessor-version":[{"id":11495,"href":"https:\/\/www.fael.es\/electroimplicate\/wp-json\/wp\/v2\/posts\/11493\/revisions\/11495"}],"wp:featuredmedia":[{"embeddable":true,"href":"https:\/\/www.fael.es\/electroimplicate\/wp-json\/wp\/v2\/media\/11494"}],"wp:attachment":[{"href":"https:\/\/www.fael.es\/electroimplicate\/wp-json\/wp\/v2\/media?parent=11493"}],"wp:term":[{"taxonomy":"category","embeddable":true,"href":"https:\/\/www.fael.es\/electroimplicate\/wp-json\/wp\/v2\/categories?post=11493"},{"taxonomy":"post_tag","embeddable":true,"href":"https:\/\/www.fael.es\/electroimplicate\/wp-json\/wp\/v2\/tags?post=11493"}],"curies":[{"name":"wp","href":"https:\/\/api.w.org\/{rel}","templated":true}]}}