{"id":11918,"date":"2015-11-20T00:17:11","date_gmt":"2015-11-20T00:17:11","guid":{"rendered":"http:\/\/electroimplicate.es\/?p=11918"},"modified":"2015-11-20T00:31:32","modified_gmt":"2015-11-20T00:31:32","slug":"cadiz-salobrena-y-el-puerto-de-santa-maria-nuevo-triplete-de-puestos-informativos","status":"publish","type":"post","link":"https:\/\/www.fael.es\/electroimplicate\/cadiz-salobrena-y-el-puerto-de-santa-maria-nuevo-triplete-de-puestos-informativos\/","title":{"rendered":"C\u00e1diz, Salobre\u00f1a y El Puerto de Santa Mar\u00eda, nuevo triplete de puestos informativos"},"content":{"rendered":"<p style=\"text-align: justify;\">La campa\u00f1a de concienciaci\u00f3n y sensibilizaci\u00f3n ciudadana para el reciclaje de peque\u00f1os aparatos electrodom\u00e9sticos \u201cLa naturaleza no necesita que le echemos ning\u00fan cable\u201d ha llegado en la ma\u00f1ana del jueves a la capital de C\u00e1diz y al municipio granadino de Salobre\u00f1a. Por la tarde, ha continuado en El Puerto de Santa Mar\u00eda, provincia de C\u00e1diz.<\/p>\n<p style=\"text-align: justify;\">Los actos han comenzado a las 10:00 horas, tanto en Andaluc\u00eda Occidental como en el sector oriental. En ese momento se ha abierto el punto de informaci\u00f3n en el Mercado Central de Abastos de C\u00e1diz, adonde han asistido Manuel Gonz\u00e1lez (concejal de Medio Ambiente) y C\u00e1ndido Ruiz Blanco (T\u00e9cnico de Medio Ambiente) para mostrar el apoyo del Ayuntamiento gaditano a la campa\u00f1a. Tambi\u00e9n en ese instante se dispuso el expositor promocional en la Plaza de Goya de Salobre\u00f1a. Dichos stands se han cerrado a las 13:00 horas.<\/p>\n<p style=\"text-align: justify;\">De 17 a 19:30 horas se ha desarrollado el evento vespertino que estaba programado en la calle Luna de El Puerto de Santa Mar\u00eda. A la cita ha acudido en representaci\u00f3n del consistorio portuense Antonio Chac\u00f3n Cort\u00e9s, concejal de Medio Ambiente. En los tres lugares se ha informado a los ciudadanos sobre la importancia de deshacerse en dep\u00f3sitos adecuados de los residuos de peque\u00f1os aparatos electrodom\u00e9sticos.<\/p>\n<div id=\"attachment_11919\" style=\"width: 2058px\" class=\"wp-caption alignnone\"><a href=\"http:\/\/electroimplicate.es\/wp-content\/uploads\/2015\/11\/12244660_959033030835585_6319235135564457817_o.jpg\"><img aria-describedby=\"caption-attachment-11919\" decoding=\"async\" loading=\"lazy\" class=\"size-full wp-image-11919\" src=\"http:\/\/electroimplicate.es\/wp-content\/uploads\/2015\/11\/12244660_959033030835585_6319235135564457817_o.jpg\" alt=\"Los salobre\u00f1eros recogen las bolsas y folletos de &quot;La naturaleza no necesita que le echemos ning\u00fan cable&quot; en la Plaza de Goya.\" width=\"2048\" height=\"1152\" srcset=\"https:\/\/www.fael.es\/electroimplicate\/wp-content\/uploads\/2015\/11\/12244660_959033030835585_6319235135564457817_o.jpg 2048w, https:\/\/www.fael.es\/electroimplicate\/wp-content\/uploads\/2015\/11\/12244660_959033030835585_6319235135564457817_o-300x169.jpg 300w, https:\/\/www.fael.es\/electroimplicate\/wp-content\/uploads\/2015\/11\/12244660_959033030835585_6319235135564457817_o-1024x576.jpg 1024w\" sizes=\"(max-width: 2048px) 100vw, 2048px\" \/><\/a><p id=\"caption-attachment-11919\" class=\"wp-caption-text\">Los salobre\u00f1eros recogen las bolsas y folletos de \u00abLa naturaleza no necesita que le echemos ning\u00fan cable\u00bb en la Plaza de Goya.<\/p><\/div>\n<p style=\"text-align: justify;\">Asimismo, se han repartido alrededor de 900 bolsas naranjas con el lema de la iniciativa\u00a0entre los tres municipios a todo aquel que se ha acercado a los \u201cstewards\u201d de la Federaci\u00f3n Andaluza de Electrodom\u00e9sticos (FAEL) para conocer los objetivos de la actividad. La labor\u00a0ha continuado con la visita a tiendas e instituciones de estas localidades\u00a0para concienciar sobre los beneficios del reciclaje de los peque\u00f1os electrodom\u00e9sticos.<\/p>\n<p style=\"text-align: justify;\">La campa\u00f1a\u00a0se pone en marcha en virtud del convenio de colaboraci\u00f3n acordado entre FAEL, los Sistemas Colectivos de Responsabilidad Ampliada ECOLEC, ECOTIC, European Recycling Platform-ERP, RECYCLIA y la planta de tratamiento de residuos RECILEC para impulsar y fomentar entre los comercios asociados la correcta recogida del PAE (Peque\u00f1o Aparato Electrodom\u00e9stico) y su posterior reciclado. As\u00ed, se est\u00e1 llevando a cabo promovida conjuntamente por la Consejer\u00eda de Medio Ambiente y Ordenaci\u00f3n del Territorio la Campa\u00f1a de Informaci\u00f3n y Sensibilizaci\u00f3n para la gesti\u00f3n responsable de los RAEE en Andaluc\u00eda: \u201cLa naturaleza no necesita que le echemos ning\u00fan cable\u201d.<\/p>\n<p style=\"text-align: justify;\">\u00a1Pinche aqu\u00ed para ver las fotogaler\u00edas de los stands de\u00a0<a href=\"https:\/\/www.facebook.com\/FederacionAndaluzaElectrodomesticos\/posts\/959043724167849\">C\u00e1diz<\/a>,\u00a0<a href=\"https:\/\/www.facebook.com\/FederacionAndaluzaElectrodomesticos\/posts\/959033954168826\">Salobre\u00f1a<\/a>\u00a0y\u00a0<a href=\"https:\/\/www.facebook.com\/FederacionAndaluzaElectrodomesticos\/posts\/959285694143652\">El Puerto de Santa Mar\u00eda<\/a>!<\/p>\n<div id=\"attachment_11920\" style=\"width: 1610px\" class=\"wp-caption alignnone\"><a href=\"http:\/\/electroimplicate.es\/wp-content\/uploads\/2015\/11\/12244695_959283127477242_5137976129979176232_o.jpg\"><img aria-describedby=\"caption-attachment-11920\" decoding=\"async\" loading=\"lazy\" class=\"size-full wp-image-11920\" src=\"http:\/\/electroimplicate.es\/wp-content\/uploads\/2015\/11\/12244695_959283127477242_5137976129979176232_o.jpg\" alt=\"El concejal de Medio Ambiente de El Puerto de Santa Mar\u00eda, Antonio Chac\u00f3n Cort\u00e9s, pas\u00f3 por la calle Luna para colaborar en la actividad.\" width=\"1600\" height=\"1200\" srcset=\"https:\/\/www.fael.es\/electroimplicate\/wp-content\/uploads\/2015\/11\/12244695_959283127477242_5137976129979176232_o.jpg 1600w, https:\/\/www.fael.es\/electroimplicate\/wp-content\/uploads\/2015\/11\/12244695_959283127477242_5137976129979176232_o-300x225.jpg 300w, https:\/\/www.fael.es\/electroimplicate\/wp-content\/uploads\/2015\/11\/12244695_959283127477242_5137976129979176232_o-1024x768.jpg 1024w\" sizes=\"(max-width: 1600px) 100vw, 1600px\" \/><\/a><p id=\"caption-attachment-11920\" class=\"wp-caption-text\">El concejal de Medio Ambiente de El Puerto de Santa Mar\u00eda, Antonio Chac\u00f3n Cort\u00e9s, pas\u00f3 por la calle Luna para colaborar en la actividad.<\/p><\/div>\n","protected":false},"excerpt":{"rendered":"<p>La campa\u00f1a de concienciaci\u00f3n y sensibilizaci\u00f3n ciudadana para el reciclaje de peque\u00f1os aparatos electrodom\u00e9sticos \u201cLa naturaleza no necesita que le echemos ning\u00fan cable\u201d ha llegado en la ma\u00f1ana del jueves a la capital de C\u00e1diz y al municipio granadino de Salobre\u00f1a. Por la tarde, ha continuado en El Puerto de Santa Mar\u00eda, provincia de C\u00e1diz. [&hellip;]<\/p>\n","protected":false},"author":1,"featured_media":11921,"comment_status":"open","ping_status":"open","sticky":false,"template":"","format":"standard","meta":[],"categories":[40],"tags":[],"_links":{"self":[{"href":"https:\/\/www.fael.es\/electroimplicate\/wp-json\/wp\/v2\/posts\/11918"}],"collection":[{"href":"https:\/\/www.fael.es\/electroimplicate\/wp-json\/wp\/v2\/posts"}],"about":[{"href":"https:\/\/www.fael.es\/electroimplicate\/wp-json\/wp\/v2\/types\/post"}],"author":[{"embeddable":true,"href":"https:\/\/www.fael.es\/electroimplicate\/wp-json\/wp\/v2\/users\/1"}],"replies":[{"embeddable":true,"href":"https:\/\/www.fael.es\/electroimplicate\/wp-json\/wp\/v2\/comments?post=11918"}],"version-history":[{"count":4,"href":"https:\/\/www.fael.es\/electroimplicate\/wp-json\/wp\/v2\/posts\/11918\/revisions"}],"predecessor-version":[{"id":11925,"href":"https:\/\/www.fael.es\/electroimplicate\/wp-json\/wp\/v2\/posts\/11918\/revisions\/11925"}],"wp:featuredmedia":[{"embeddable":true,"href":"https:\/\/www.fael.es\/electroimplicate\/wp-json\/wp\/v2\/media\/11921"}],"wp:attachment":[{"href":"https:\/\/www.fael.es\/electroimplicate\/wp-json\/wp\/v2\/media?parent=11918"}],"wp:term":[{"taxonomy":"category","embeddable":true,"href":"https:\/\/www.fael.es\/electroimplicate\/wp-json\/wp\/v2\/categories?post=11918"},{"taxonomy":"post_tag","embeddable":true,"href":"https:\/\/www.fael.es\/electroimplicate\/wp-json\/wp\/v2\/tags?post=11918"}],"curies":[{"name":"wp","href":"https:\/\/api.w.org\/{rel}","templated":true}]}}