{"id":12151,"date":"2015-12-18T10:19:44","date_gmt":"2015-12-18T10:19:44","guid":{"rendered":"http:\/\/electroimplicate.es\/?p=12151"},"modified":"2015-12-18T10:36:22","modified_gmt":"2015-12-18T10:36:22","slug":"rincon-de-la-victoria-y-constantina-celebran-los-actos-de-la-campana","status":"publish","type":"post","link":"https:\/\/www.fael.es\/electroimplicate\/rincon-de-la-victoria-y-constantina-celebran-los-actos-de-la-campana\/","title":{"rendered":"Rinc\u00f3n de la Victoria y Constantina celebran los actos de la campa\u00f1a"},"content":{"rendered":"<p style=\"text-align: justify;\">La campa\u00f1a de reciclaje de peque\u00f1os aparatos electrodom\u00e9sticos \u201cLa naturaleza no necesita que le echemos ning\u00fan cable\u201d lleg\u00f3 ayer por la ma\u00f1ana a Rinc\u00f3n de la Victoria, municipio malague\u00f1o, y a Constantina, localidad sevillana de la Sierra Norte.<\/p>\n<p style=\"text-align: justify;\">El rinconero Mercado del Rinc\u00f3n y la constantinense calle Mesones acogieron de 10:00 a 13:00 horas el expositor promocional de la iniciativa. En ambas poblaciones fue notable la afluencia de p\u00fablico. En los stands, los T\u00e9cnicos de la Federaci\u00f3n Andaluza de Electrodom\u00e9sticos (FAEL) informaron a los vecinos de la necesidad de depositar en lugares adecuados los peque\u00f1os aparatos electrodom\u00e9sticos sin vida \u00fatil.<\/p>\n<p style=\"text-align: justify;\">De esta manera, repartieron entre los dos municipios alrededor de 600 bolsas naranjas para el transporte del PAE a todo aquel que se acerc\u00f3 a los puestos informativos para conocer los objetivos de la actividad. La labor\u00a0continu\u00f3 con la visita a comercios e instituciones de las zonas\u00a0para sensibilizar y concienciar sobre los beneficios del reciclaje de los peque\u00f1os electrodom\u00e9sticos y destacar los aspectos m\u00e1s importantes de la campa\u00f1a.<\/p>\n<p style=\"text-align: justify;\">La actividad\u00a0se pone en marcha seg\u00fan el convenio de colaboraci\u00f3n suscrito\u00a0por FAEL con los Sistemas Colectivos de Responsabilidad Ampliada ECOLEC, ECOTIC, European Recycling Platform-ERP, RECYCLIA y la planta de tratamiento de residuos RECILEC para impulsar y fomentar entre los comercios asociados la correcta recogida del PAE (Peque\u00f1o Aparato Electrodom\u00e9stico) y su posterior reciclado. As\u00ed, se est\u00e1 llevando a cabo promovida conjuntamente por la Consejer\u00eda de Medio Ambiente y Ordenaci\u00f3n del Territorio la Campa\u00f1a de Informaci\u00f3n y Sensibilizaci\u00f3n para la gesti\u00f3n responsable de los RAEE en Andaluc\u00eda: \u201cLa naturaleza no necesita que le echemos ning\u00fan cable\u201d con el fin anterior.<\/p>\n<p style=\"text-align: justify;\">\u00a1Pinche aqu\u00ed para ver las fotogaler\u00edas de los stands de\u00a0<a href=\"https:\/\/www.facebook.com\/FederacionAndaluzaElectrodomesticos\/posts\/972292819509606\">Rinc\u00f3n de la Victoria<\/a> y <a href=\"https:\/\/www.facebook.com\/FederacionAndaluzaElectrodomesticos\/posts\/972320756173479\">Constantina<\/a>!<\/p>\n<div id=\"attachment_12150\" style=\"width: 1610px\" class=\"wp-caption alignnone\"><a href=\"http:\/\/electroimplicate.es\/wp-content\/uploads\/2015\/12\/10255446_972313366174218_6543542266029319535_o.jpg\"><img aria-describedby=\"caption-attachment-12150\" decoding=\"async\" loading=\"lazy\" class=\"size-full wp-image-12150\" src=\"http:\/\/electroimplicate.es\/wp-content\/uploads\/2015\/12\/10255446_972313366174218_6543542266029319535_o.jpg\" alt=\"T\u00e9cnicos de FAEL atendieron a los vecinos de Constantina en la calle Mesones.\" width=\"1600\" height=\"899\" srcset=\"https:\/\/www.fael.es\/electroimplicate\/wp-content\/uploads\/2015\/12\/10255446_972313366174218_6543542266029319535_o.jpg 1600w, https:\/\/www.fael.es\/electroimplicate\/wp-content\/uploads\/2015\/12\/10255446_972313366174218_6543542266029319535_o-300x169.jpg 300w, https:\/\/www.fael.es\/electroimplicate\/wp-content\/uploads\/2015\/12\/10255446_972313366174218_6543542266029319535_o-1024x575.jpg 1024w\" sizes=\"(max-width: 1600px) 100vw, 1600px\" \/><\/a><p id=\"caption-attachment-12150\" class=\"wp-caption-text\">T\u00e9cnicos de FAEL atendieron a los vecinos de Constantina en la calle Mesones.<\/p><\/div>\n","protected":false},"excerpt":{"rendered":"<p>La campa\u00f1a de reciclaje de peque\u00f1os aparatos electrodom\u00e9sticos \u201cLa naturaleza no necesita que le echemos ning\u00fan cable\u201d lleg\u00f3 ayer por la ma\u00f1ana a Rinc\u00f3n de la Victoria, municipio malague\u00f1o, y a Constantina, localidad sevillana de la Sierra Norte. El rinconero Mercado del Rinc\u00f3n y la constantinense calle Mesones acogieron de 10:00 a 13:00 horas el [&hellip;]<\/p>\n","protected":false},"author":1,"featured_media":12152,"comment_status":"open","ping_status":"open","sticky":false,"template":"","format":"standard","meta":[],"categories":[40],"tags":[],"_links":{"self":[{"href":"https:\/\/www.fael.es\/electroimplicate\/wp-json\/wp\/v2\/posts\/12151"}],"collection":[{"href":"https:\/\/www.fael.es\/electroimplicate\/wp-json\/wp\/v2\/posts"}],"about":[{"href":"https:\/\/www.fael.es\/electroimplicate\/wp-json\/wp\/v2\/types\/post"}],"author":[{"embeddable":true,"href":"https:\/\/www.fael.es\/electroimplicate\/wp-json\/wp\/v2\/users\/1"}],"replies":[{"embeddable":true,"href":"https:\/\/www.fael.es\/electroimplicate\/wp-json\/wp\/v2\/comments?post=12151"}],"version-history":[{"count":1,"href":"https:\/\/www.fael.es\/electroimplicate\/wp-json\/wp\/v2\/posts\/12151\/revisions"}],"predecessor-version":[{"id":12153,"href":"https:\/\/www.fael.es\/electroimplicate\/wp-json\/wp\/v2\/posts\/12151\/revisions\/12153"}],"wp:featuredmedia":[{"embeddable":true,"href":"https:\/\/www.fael.es\/electroimplicate\/wp-json\/wp\/v2\/media\/12152"}],"wp:attachment":[{"href":"https:\/\/www.fael.es\/electroimplicate\/wp-json\/wp\/v2\/media?parent=12151"}],"wp:term":[{"taxonomy":"category","embeddable":true,"href":"https:\/\/www.fael.es\/electroimplicate\/wp-json\/wp\/v2\/categories?post=12151"},{"taxonomy":"post_tag","embeddable":true,"href":"https:\/\/www.fael.es\/electroimplicate\/wp-json\/wp\/v2\/tags?post=12151"}],"curies":[{"name":"wp","href":"https:\/\/api.w.org\/{rel}","templated":true}]}}