{"id":12248,"date":"2016-01-13T21:12:43","date_gmt":"2016-01-13T21:12:43","guid":{"rendered":"http:\/\/electroimplicate.es\/?p=12248"},"modified":"2016-01-13T21:19:19","modified_gmt":"2016-01-13T21:19:19","slug":"tijola-tarifa-y-algeciras-se-convierten-en-otros-tres-puntos-clave-para-el-reciclaje-del-pae","status":"publish","type":"post","link":"https:\/\/www.fael.es\/electroimplicate\/tijola-tarifa-y-algeciras-se-convierten-en-otros-tres-puntos-clave-para-el-reciclaje-del-pae\/","title":{"rendered":"T\u00edjola, Tarifa y Algeciras se convierten en otros tres puntos clave para el reciclaje del PAE"},"content":{"rendered":"<p style=\"text-align: justify;\">Con motivo de la campa\u00f1a para el reciclaje de peque\u00f1os aparatos electrodom\u00e9sticos \u201cLa naturaleza no necesita que le echemos ning\u00fan cable\u201d se montaron tres expositores informativos el pasado martes. Los municipios escogidos en esta ocasi\u00f3n fueron T\u00edjola, situado en Almer\u00eda, Tarifa y Algeciras, localizados estos dos \u00faltimos en la provincia de C\u00e1diz.<\/p>\n<p style=\"text-align: justify;\">Los actos matinales comenzaron a las 10:00 horas en T\u00edjola y a las 10:30 horas en Tarifa, cuando se abrieron los puntos de informaci\u00f3n en la Plaza de los Leones y el Paseo de la Alameda, respectivamente. El stand de la localidad almeriense termin\u00f3 a las 13:00 horas y el de la gaditana lo hizo a las 13:30 horas. Por la tarde, de 17 a 19:30 horas, tuvo lugar la cita prevista en la calle Regino Mart\u00ednez de Algeciras. Al evento celebrado en T\u00edjola asisti\u00f3 en representaci\u00f3n de su Ayuntamiento M\u00aa \u00c1ngeles Bonachela, concejala de Personal. Por su parte, en Tarifa hizo acto de presencia Gloria Ortega Rosa, T\u00e9cnica Comercial de RECILEC.<\/p>\n<div id=\"attachment_12249\" style=\"width: 2058px\" class=\"wp-caption alignnone\"><a href=\"http:\/\/electroimplicate.es\/wp-content\/uploads\/2016\/01\/12473834_988482311223990_5327227211835716564_o.jpg\"><img aria-describedby=\"caption-attachment-12249\" decoding=\"async\" loading=\"lazy\" class=\"size-full wp-image-12249\" src=\"http:\/\/electroimplicate.es\/wp-content\/uploads\/2016\/01\/12473834_988482311223990_5327227211835716564_o.jpg\" alt=\"Gloria Ortega Rosa, T\u00e9cnica Comercial de RECILEC, junto a los &quot;stewards&quot; de FAEL en el stand celebrado en el tarife\u00f1o Paseo de la Alameda.\" width=\"2048\" height=\"1152\" srcset=\"https:\/\/www.fael.es\/electroimplicate\/wp-content\/uploads\/2016\/01\/12473834_988482311223990_5327227211835716564_o.jpg 2048w, https:\/\/www.fael.es\/electroimplicate\/wp-content\/uploads\/2016\/01\/12473834_988482311223990_5327227211835716564_o-300x169.jpg 300w, https:\/\/www.fael.es\/electroimplicate\/wp-content\/uploads\/2016\/01\/12473834_988482311223990_5327227211835716564_o-1024x576.jpg 1024w\" sizes=\"(max-width: 2048px) 100vw, 2048px\" \/><\/a><p id=\"caption-attachment-12249\" class=\"wp-caption-text\">Gloria Ortega Rosa, T\u00e9cnica Comercial de RECILEC, junto a los \u00abstewards\u00bb de FAEL en el stand celebrado en el tarife\u00f1o Paseo de la Alameda.<\/p><\/div>\n<p style=\"text-align: justify;\">En los tres sitios se concienci\u00f3 a los ciudadanos sobre la importancia de deshacerse en dep\u00f3sitos adecuados de los residuos de peque\u00f1os aparatos electrodom\u00e9sticos. Asimismo, se repartieron alrededor de 900 bolsas naranjas con el eslogan de la campa\u00f1a entre las tres poblaciones a todo aquel que se acerc\u00f3 a los T\u00e9cnicos de la Federaci\u00f3n Andaluza de Electrodom\u00e9sticos (FAEL) interesado en la iniciativa. La actividad\u00a0sigui\u00f3 con la visita a tiendas e instituciones de estos municipios\u00a0para concienciar sobre los beneficios del reciclaje de los peque\u00f1os electrodom\u00e9sticos.<\/p>\n<p style=\"text-align: justify;\">La iniciativa se pone en marcha en virtud del convenio de colaboraci\u00f3n suscrito por FAEL con los Sistemas Colectivos de Responsabilidad Ampliada ECOLEC, ECOTIC, European Recycling Platform-ERP, RECYCLIA y la planta de tratamiento de residuos RECILEC para impulsar y fomentar entre los comercios asociados la correcta recogida del PAE (Peque\u00f1o Aparato Electrodom\u00e9stico) y su posterior reciclado. As\u00ed, se est\u00e1 llevando a cabo promovida conjuntamente por la Consejer\u00eda de Medio Ambiente y Ordenaci\u00f3n del Territorio la Campa\u00f1a de Informaci\u00f3n y Sensibilizaci\u00f3n para la gesti\u00f3n responsable de los RAEE en Andaluc\u00eda: \u201cLa naturaleza no necesita que le echemos ning\u00fan cable\u201d.<\/p>\n<p style=\"text-align: justify;\">\u00a1Pinche aqu\u00ed para ver las fotogaler\u00edas de los stands de\u00a0<a href=\"https:\/\/www.facebook.com\/FederacionAndaluzaElectrodomesticos\/posts\/988483341223887\">Tarifa<\/a>,\u00a0<a href=\"https:\/\/www.facebook.com\/FederacionAndaluzaElectrodomesticos\/posts\/988500061222215\">T\u00edjola<\/a>\u00a0y <a href=\"https:\/\/www.facebook.com\/FederacionAndaluzaElectrodomesticos\/posts\/989062961165925\">Algeciras<\/a>!<\/p>\n<div id=\"attachment_12250\" style=\"width: 2058px\" class=\"wp-caption alignnone\"><a href=\"http:\/\/electroimplicate.es\/wp-content\/uploads\/2016\/01\/12493456_989061741166047_8612939602853103462_o.jpg\"><img aria-describedby=\"caption-attachment-12250\" decoding=\"async\" loading=\"lazy\" class=\"size-full wp-image-12250\" src=\"http:\/\/electroimplicate.es\/wp-content\/uploads\/2016\/01\/12493456_989061741166047_8612939602853103462_o.jpg\" alt=\"La calle Regino Mart\u00ednez de Algeciras fue el centro neur\u00e1lgico del reciclaje del PAE durante la tarde del martes.\" width=\"2048\" height=\"1152\" srcset=\"https:\/\/www.fael.es\/electroimplicate\/wp-content\/uploads\/2016\/01\/12493456_989061741166047_8612939602853103462_o.jpg 2048w, https:\/\/www.fael.es\/electroimplicate\/wp-content\/uploads\/2016\/01\/12493456_989061741166047_8612939602853103462_o-300x169.jpg 300w, https:\/\/www.fael.es\/electroimplicate\/wp-content\/uploads\/2016\/01\/12493456_989061741166047_8612939602853103462_o-1024x576.jpg 1024w\" sizes=\"(max-width: 2048px) 100vw, 2048px\" \/><\/a><p id=\"caption-attachment-12250\" class=\"wp-caption-text\">La calle Regino Mart\u00ednez de Algeciras fue el centro neur\u00e1lgico del reciclaje del PAE durante la tarde del martes.<\/p><\/div>\n","protected":false},"excerpt":{"rendered":"<p>Con motivo de la campa\u00f1a para el reciclaje de peque\u00f1os aparatos electrodom\u00e9sticos \u201cLa naturaleza no necesita que le echemos ning\u00fan cable\u201d se montaron tres expositores informativos el pasado martes. Los municipios escogidos en esta ocasi\u00f3n fueron T\u00edjola, situado en Almer\u00eda, Tarifa y Algeciras, localizados estos dos \u00faltimos en la provincia de C\u00e1diz. Los actos matinales [&hellip;]<\/p>\n","protected":false},"author":1,"featured_media":12251,"comment_status":"open","ping_status":"open","sticky":false,"template":"","format":"standard","meta":[],"categories":[40],"tags":[],"_links":{"self":[{"href":"https:\/\/www.fael.es\/electroimplicate\/wp-json\/wp\/v2\/posts\/12248"}],"collection":[{"href":"https:\/\/www.fael.es\/electroimplicate\/wp-json\/wp\/v2\/posts"}],"about":[{"href":"https:\/\/www.fael.es\/electroimplicate\/wp-json\/wp\/v2\/types\/post"}],"author":[{"embeddable":true,"href":"https:\/\/www.fael.es\/electroimplicate\/wp-json\/wp\/v2\/users\/1"}],"replies":[{"embeddable":true,"href":"https:\/\/www.fael.es\/electroimplicate\/wp-json\/wp\/v2\/comments?post=12248"}],"version-history":[{"count":1,"href":"https:\/\/www.fael.es\/electroimplicate\/wp-json\/wp\/v2\/posts\/12248\/revisions"}],"predecessor-version":[{"id":12252,"href":"https:\/\/www.fael.es\/electroimplicate\/wp-json\/wp\/v2\/posts\/12248\/revisions\/12252"}],"wp:featuredmedia":[{"embeddable":true,"href":"https:\/\/www.fael.es\/electroimplicate\/wp-json\/wp\/v2\/media\/12251"}],"wp:attachment":[{"href":"https:\/\/www.fael.es\/electroimplicate\/wp-json\/wp\/v2\/media?parent=12248"}],"wp:term":[{"taxonomy":"category","embeddable":true,"href":"https:\/\/www.fael.es\/electroimplicate\/wp-json\/wp\/v2\/categories?post=12248"},{"taxonomy":"post_tag","embeddable":true,"href":"https:\/\/www.fael.es\/electroimplicate\/wp-json\/wp\/v2\/tags?post=12248"}],"curies":[{"name":"wp","href":"https:\/\/api.w.org\/{rel}","templated":true}]}}