{"id":12644,"date":"2016-02-22T23:01:36","date_gmt":"2016-02-22T23:01:36","guid":{"rendered":"http:\/\/electroimplicate.es\/?p=12644"},"modified":"2016-02-22T23:54:13","modified_gmt":"2016-02-22T23:54:13","slug":"intensa-jornada-de-stands-en-albox-fuente-palmera-olula-del-rio-y-palma-del-rio","status":"publish","type":"post","link":"https:\/\/www.fael.es\/electroimplicate\/intensa-jornada-de-stands-en-albox-fuente-palmera-olula-del-rio-y-palma-del-rio\/","title":{"rendered":"Intensa jornada de stands en Albox, Fuente Palmera, Olula del R\u00edo y Palma del R\u00edo"},"content":{"rendered":"<p style=\"text-align: justify;\">El \u00faltimo martes se celebr\u00f3 una completa jornada de la iniciativa para el reciclado de peque\u00f1os electrodom\u00e9sticos en la que se instalaron cuatro puntos de informaci\u00f3n de \u201cLa naturaleza no necesita que le echemos ning\u00fan cable\u201d. Las poblaciones visitadas fueron Albox y Olula del R\u00edo, pertenecientes a la provincia de Almer\u00eda, y las cordobesas de Fuente Palmera y Palma del R\u00edo.<\/p>\n<p style=\"text-align: justify;\">De 10:00 a 13:00 horas se llevaron a cabo los actos programados en la Plaza Nueva de Albox y en la Plaza Real de Fuente Palmera. Por la tarde, de 17:00 a 19:30 horas, Olula del R\u00edo tom\u00f3 el relevo en la mitad oriental de la comunidad y Palma del R\u00edo en la zona central. La olulense Plaza de las Cuatro Esquinas y la palme\u00f1a Avenida de Santa Ana tambi\u00e9n fueron protagonistas de la campa\u00f1a promovida por la Federaci\u00f3n Andaluza de Electrodom\u00e9sticos (FAEL).<\/p>\n<div id=\"attachment_12646\" style=\"width: 2058px\" class=\"wp-caption alignnone\"><a href=\"http:\/\/electroimplicate.es\/wp-content\/uploads\/2016\/02\/12697205_1009611515777736_5437746951136083160_o.jpg\"><img aria-describedby=\"caption-attachment-12646\" decoding=\"async\" loading=\"lazy\" class=\"size-full wp-image-12646\" src=\"http:\/\/electroimplicate.es\/wp-content\/uploads\/2016\/02\/12697205_1009611515777736_5437746951136083160_o.jpg\" alt=\"La Plaza Real de Fuente Palmera fue el enclave escogido para la instalaci\u00f3n del puesto informativo.\" width=\"2048\" height=\"1152\" srcset=\"https:\/\/www.fael.es\/electroimplicate\/wp-content\/uploads\/2016\/02\/12697205_1009611515777736_5437746951136083160_o.jpg 2048w, https:\/\/www.fael.es\/electroimplicate\/wp-content\/uploads\/2016\/02\/12697205_1009611515777736_5437746951136083160_o-300x169.jpg 300w, https:\/\/www.fael.es\/electroimplicate\/wp-content\/uploads\/2016\/02\/12697205_1009611515777736_5437746951136083160_o-1024x576.jpg 1024w\" sizes=\"(max-width: 2048px) 100vw, 2048px\" \/><\/a><p id=\"caption-attachment-12646\" class=\"wp-caption-text\">La Plaza Real de Fuente Palmera fue uno de los enclaves escogidos para la instalaci\u00f3n del puesto informativo.<\/p><\/div>\n<p style=\"text-align: justify;\">En los expositores promocionales se sensibiliz\u00f3 a los ciudadanos en cuanto a la importancia de deshacerse en lugares adecuados de los residuos de PAE (Peque\u00f1o Aparato Electr\u00f3nico). Adem\u00e1s, se entregaron alrededor de 900 bolsas naranjas con el eslogan de la iniciativa entre las cuatro localidades a todo aquel que se acerc\u00f3 los T\u00e9cnicos de FAEL para conocer los objetivos de la actividad.<\/p>\n<p style=\"text-align: justify;\">La labor\u00a0continu\u00f3 con la visita a tiendas e instituciones de estos municipios\u00a0para concienciar sobre los beneficios del reciclaje de los peque\u00f1os aparatos electrodom\u00e9sticos. Los vecinos de los sitios\u00a0en los que tuvieron lugar los eventos colaboraron de manera voluntariosa con la campa\u00f1a.<\/p>\n<div id=\"attachment_12645\" style=\"width: 2058px\" class=\"wp-caption alignnone\"><a href=\"http:\/\/electroimplicate.es\/wp-content\/uploads\/2016\/02\/1801214_1009696535769234_7437138128224631019_o.jpg\"><img aria-describedby=\"caption-attachment-12645\" decoding=\"async\" loading=\"lazy\" class=\"size-full wp-image-12645\" src=\"http:\/\/electroimplicate.es\/wp-content\/uploads\/2016\/02\/1801214_1009696535769234_7437138128224631019_o.jpg\" alt=\"Los T\u00e9cnicos de FAEL concienciaron a lo vecinos de Olula del R\u00edo en la Plaza de las Cuatro Esquinas acerca de la correcta gesti\u00f3n de los residuos de PAEs.\" width=\"2048\" height=\"1152\" srcset=\"https:\/\/www.fael.es\/electroimplicate\/wp-content\/uploads\/2016\/02\/1801214_1009696535769234_7437138128224631019_o.jpg 2048w, https:\/\/www.fael.es\/electroimplicate\/wp-content\/uploads\/2016\/02\/1801214_1009696535769234_7437138128224631019_o-300x169.jpg 300w, https:\/\/www.fael.es\/electroimplicate\/wp-content\/uploads\/2016\/02\/1801214_1009696535769234_7437138128224631019_o-1024x576.jpg 1024w\" sizes=\"(max-width: 2048px) 100vw, 2048px\" \/><\/a><p id=\"caption-attachment-12645\" class=\"wp-caption-text\">Los T\u00e9cnicos de FAEL concienciaron a lo habitantes de Olula del R\u00edo en la Plaza de las Cuatro Esquinas acerca de la correcta gesti\u00f3n de los residuos de PAEs.<\/p><\/div>\n<p style=\"text-align: justify;\">El proyecto\u00a0se realiza en virtud del convenio de colaboraci\u00f3n pactado\u00a0por FAEL con los Sistemas Colectivos de Responsabilidad Ampliada ECOLEC, ECOTIC, European Recycling Platform-ERP, RECYCLIA y la planta de tratamiento de residuos RECILEC para impulsar y fomentar entre los comercios asociados la correcta recogida del PAE y su posterior reciclado. As\u00ed, se est\u00e1 llevando a cabo promovida conjuntamente por la Consejer\u00eda de Medio Ambiente y Ordenaci\u00f3n del Territorio la Campa\u00f1a de Informaci\u00f3n y Sensibilizaci\u00f3n para la gesti\u00f3n responsable de los RAEE en Andaluc\u00eda: \u201cLa naturaleza no necesita que le echemos ning\u00fan cable\u201d.<\/p>\n<p style=\"text-align: justify;\">\u00a1Pinche aqu\u00ed para ver las fotogaler\u00edas de los stands de\u00a0<a href=\"https:\/\/www.facebook.com\/FederacionAndaluzaElectrodomesticos\/posts\/1009103842495170\">Albox<\/a>, <a href=\"https:\/\/www.facebook.com\/FederacionAndaluzaElectrodomesticos\/posts\/1009612195777668\">Fuente Palmera<\/a>, <a href=\"https:\/\/www.facebook.com\/FederacionAndaluzaElectrodomesticos\/posts\/1009697265769161\">Olula del R\u00edo<\/a> y <a href=\"https:\/\/www.facebook.com\/FederacionAndaluzaElectrodomesticos\/posts\/1010327005706187\">Palma del R\u00edo<\/a>!<\/p>\n<div id=\"attachment_12647\" style=\"width: 2058px\" class=\"wp-caption alignnone\"><a href=\"http:\/\/electroimplicate.es\/wp-content\/uploads\/2016\/02\/12748006_1010325965706291_7888329293196505173_o.jpg\"><img aria-describedby=\"caption-attachment-12647\" decoding=\"async\" loading=\"lazy\" class=\"size-full wp-image-12647\" src=\"http:\/\/electroimplicate.es\/wp-content\/uploads\/2016\/02\/12748006_1010325965706291_7888329293196505173_o.jpg\" alt=\"Muchos palme\u00f1os que paseaban por la Avenida de Santa Ana de la localidad se detuvieron ante el stand all\u00ed alojado.\" width=\"2048\" height=\"1152\" srcset=\"https:\/\/www.fael.es\/electroimplicate\/wp-content\/uploads\/2016\/02\/12748006_1010325965706291_7888329293196505173_o.jpg 2048w, https:\/\/www.fael.es\/electroimplicate\/wp-content\/uploads\/2016\/02\/12748006_1010325965706291_7888329293196505173_o-300x169.jpg 300w, https:\/\/www.fael.es\/electroimplicate\/wp-content\/uploads\/2016\/02\/12748006_1010325965706291_7888329293196505173_o-1024x576.jpg 1024w\" sizes=\"(max-width: 2048px) 100vw, 2048px\" \/><\/a><p id=\"caption-attachment-12647\" class=\"wp-caption-text\">Muchos palme\u00f1os que paseaban por la Avenida de Santa Ana de su localidad se detuvieron ante el stand all\u00ed alojado.<\/p><\/div>\n","protected":false},"excerpt":{"rendered":"<p>El \u00faltimo martes se celebr\u00f3 una completa jornada de la iniciativa para el reciclado de peque\u00f1os electrodom\u00e9sticos en la que se instalaron cuatro puntos de informaci\u00f3n de \u201cLa naturaleza no necesita que le echemos ning\u00fan cable\u201d. Las poblaciones visitadas fueron Albox y Olula del R\u00edo, pertenecientes a la provincia de Almer\u00eda, y las cordobesas de [&hellip;]<\/p>\n","protected":false},"author":1,"featured_media":12650,"comment_status":"open","ping_status":"open","sticky":false,"template":"","format":"standard","meta":[],"categories":[40],"tags":[],"_links":{"self":[{"href":"https:\/\/www.fael.es\/electroimplicate\/wp-json\/wp\/v2\/posts\/12644"}],"collection":[{"href":"https:\/\/www.fael.es\/electroimplicate\/wp-json\/wp\/v2\/posts"}],"about":[{"href":"https:\/\/www.fael.es\/electroimplicate\/wp-json\/wp\/v2\/types\/post"}],"author":[{"embeddable":true,"href":"https:\/\/www.fael.es\/electroimplicate\/wp-json\/wp\/v2\/users\/1"}],"replies":[{"embeddable":true,"href":"https:\/\/www.fael.es\/electroimplicate\/wp-json\/wp\/v2\/comments?post=12644"}],"version-history":[{"count":9,"href":"https:\/\/www.fael.es\/electroimplicate\/wp-json\/wp\/v2\/posts\/12644\/revisions"}],"predecessor-version":[{"id":12658,"href":"https:\/\/www.fael.es\/electroimplicate\/wp-json\/wp\/v2\/posts\/12644\/revisions\/12658"}],"wp:featuredmedia":[{"embeddable":true,"href":"https:\/\/www.fael.es\/electroimplicate\/wp-json\/wp\/v2\/media\/12650"}],"wp:attachment":[{"href":"https:\/\/www.fael.es\/electroimplicate\/wp-json\/wp\/v2\/media?parent=12644"}],"wp:term":[{"taxonomy":"category","embeddable":true,"href":"https:\/\/www.fael.es\/electroimplicate\/wp-json\/wp\/v2\/categories?post=12644"},{"taxonomy":"post_tag","embeddable":true,"href":"https:\/\/www.fael.es\/electroimplicate\/wp-json\/wp\/v2\/tags?post=12644"}],"curies":[{"name":"wp","href":"https:\/\/api.w.org\/{rel}","templated":true}]}}