{"id":12909,"date":"2016-07-18T11:03:03","date_gmt":"2016-07-18T11:03:03","guid":{"rendered":"http:\/\/www.fael.es\/electroimplicate\/?p=12909"},"modified":"2016-07-18T11:03:03","modified_gmt":"2016-07-18T11:03:03","slug":"jose-prat-entrevistado-por-raee-andalucia-tras-recibir-un-galardon-en-la-gala-electroimplicate","status":"publish","type":"post","link":"https:\/\/www.fael.es\/electroimplicate\/jose-prat-entrevistado-por-raee-andalucia-tras-recibir-un-galardon-en-la-gala-electroimplicate\/","title":{"rendered":"Jos\u00e9 Prat entrevistado por RAEE Andaluc\u00eda tras recibir un galard\u00f3n en la gala Electroimpl\u00edcate"},"content":{"rendered":"<p>Jos\u00e9 Prat, Secretario General de la Federaci\u00f3n Espa\u00f1ola de Comerciantes de Electrodom\u00e9sticos (FECE), ha concedido una entrevista a RAEE Andaluc\u00eda, tras ser galardonado con el premio Electroimpl\u00edcate. Dicho reconocimiento tuvo lugar el pasado 21 de abril durante la celebraci\u00f3n de la I Edici\u00f3n de los Premios Electroimpl\u00edcate organizada por FAEL, reconociendo y destacando su trayectoria profesional en el sector Electro junto con su implicaci\u00f3n por el reciclaje contribuyendo a un mejor desarrollo y fomento de la campa\u00f1a \u201cLa naturaleza no necesita que le echemos ning\u00fan cable\u201d.<\/p>\n<p>La entrevista concedida a RAEE Andaluc\u00eda, a la que se puede acceder desde este <a href=\"http:\/\/raeeandalucia.es\/actualidad\/es-imprescindible-buscar-complicidad-comercios-en-reciclaje-raee\">enlace<\/a>, fue publicada el pasado 13 de junio, en la que Prat destaca la b\u00fasqueda de la complicidad de los comercios en el reciclaje de RAEE.<\/p>\n<p>Prat recalca tambi\u00e9n la importancia de este tipo de iniciativas reconociendo el esfuerzo de personas, empresas e instituciones que fomentan el reciclaje de electrodom\u00e9sticos. Asimismo destaca y reconoce la labor de FAEL con este tipo de campa\u00f1as, donde se busca la implicaci\u00f3n de instituciones, comerciantes, y ciudadanos, con gran \u00e9xito en la campa\u00f1a, y haciendo hincapi\u00e9 en la necesaria labor que deben llevar a cabo los medios de comunicaci\u00f3n.<\/p>\n<p>Por \u00faltimo, Prat se\u00f1ala el asociacionismo que se viene realizando por parte de FAEL, que fomenta y fortalece la recogida de RAEE en Andaluc\u00eda, as\u00ed como la concienciaci\u00f3n ciudadana que genera beneficios para nuestra sociedad y entorno.<\/p>\n","protected":false},"excerpt":{"rendered":"<p>Jos\u00e9 Prat, Secretario General de la Federaci\u00f3n Espa\u00f1ola de Comerciantes de Electrodom\u00e9sticos (FECE), ha concedido una entrevista a RAEE Andaluc\u00eda, tras ser galardonado con el premio Electroimpl\u00edcate. Dicho reconocimiento tuvo lugar el pasado 21 de abril durante la celebraci\u00f3n de la I Edici\u00f3n de los Premios Electroimpl\u00edcate organizada por FAEL, reconociendo y destacando su trayectoria [&hellip;]<\/p>\n","protected":false},"author":1,"featured_media":12910,"comment_status":"open","ping_status":"open","sticky":false,"template":"","format":"standard","meta":[],"categories":[1],"tags":[],"_links":{"self":[{"href":"https:\/\/www.fael.es\/electroimplicate\/wp-json\/wp\/v2\/posts\/12909"}],"collection":[{"href":"https:\/\/www.fael.es\/electroimplicate\/wp-json\/wp\/v2\/posts"}],"about":[{"href":"https:\/\/www.fael.es\/electroimplicate\/wp-json\/wp\/v2\/types\/post"}],"author":[{"embeddable":true,"href":"https:\/\/www.fael.es\/electroimplicate\/wp-json\/wp\/v2\/users\/1"}],"replies":[{"embeddable":true,"href":"https:\/\/www.fael.es\/electroimplicate\/wp-json\/wp\/v2\/comments?post=12909"}],"version-history":[{"count":1,"href":"https:\/\/www.fael.es\/electroimplicate\/wp-json\/wp\/v2\/posts\/12909\/revisions"}],"predecessor-version":[{"id":12911,"href":"https:\/\/www.fael.es\/electroimplicate\/wp-json\/wp\/v2\/posts\/12909\/revisions\/12911"}],"wp:featuredmedia":[{"embeddable":true,"href":"https:\/\/www.fael.es\/electroimplicate\/wp-json\/wp\/v2\/media\/12910"}],"wp:attachment":[{"href":"https:\/\/www.fael.es\/electroimplicate\/wp-json\/wp\/v2\/media?parent=12909"}],"wp:term":[{"taxonomy":"category","embeddable":true,"href":"https:\/\/www.fael.es\/electroimplicate\/wp-json\/wp\/v2\/categories?post=12909"},{"taxonomy":"post_tag","embeddable":true,"href":"https:\/\/www.fael.es\/electroimplicate\/wp-json\/wp\/v2\/tags?post=12909"}],"curies":[{"name":"wp","href":"https:\/\/api.w.org\/{rel}","templated":true}]}}