{"id":13155,"date":"2016-11-08T15:27:51","date_gmt":"2016-11-08T15:27:51","guid":{"rendered":"http:\/\/www.fael.es\/electroimplicate\/?p=13155"},"modified":"2016-11-08T15:27:52","modified_gmt":"2016-11-08T15:27:52","slug":"stand-en-torre-del-mar-malaga","status":"publish","type":"post","link":"https:\/\/www.fael.es\/electroimplicate\/stand-en-torre-del-mar-malaga\/","title":{"rendered":"Stand en Torre del Mar (M\u00e1laga)"},"content":{"rendered":"<p>Stand de sensibilizaci\u00f3n y concienciaci\u00f3n ciudadana de la campa\u00f1a \u00abLa naturaleza no necesita que le echemos ning\u00fan cable\u00bb esta ma\u00f1ana en Torre del Mar (M\u00e1laga). Durante la ma\u00f1ana de hoy, de 10:00 a 13:00 horas, se ha instalado el stand de la campa\u00f1a de reciclaje de peque\u00f1os electrodom\u00e9sticos en la entrada del Paseo de Lario de la poblaci\u00f3n malague\u00f1a. Los torre\u00f1os han participado en la actividad con entusiasmo y se les repartieron folletos informativos y bolsas naranjas con el lema del proyecto. En Torre del Mar disponen de un establecimiento con contenedor de PAE y 15 m\u00e1s repartidos por sus proximidades. Con la ampliaci\u00f3n de la Campa\u00f1a se pretenden retirar durante esta segunda edici\u00f3n de la misma un total de 1.359 kg de RAEEs.<\/p>\n<p><a href=\"https:\/\/www.facebook.com\/pg\/FederacionAndaluzaElectrodomesticos\/photos\/?tab=album&amp;album_id=1233234796748739\">\u00a1Pinche aqu\u00ed para acceder a nuestra Fotogaler\u00eda!<\/a><\/p>\n","protected":false},"excerpt":{"rendered":"<p>Stand de sensibilizaci\u00f3n y concienciaci\u00f3n ciudadana de la campa\u00f1a \u00abLa naturaleza no necesita que le echemos ning\u00fan cable\u00bb esta ma\u00f1ana en Torre del Mar (M\u00e1laga). Durante la ma\u00f1ana de hoy, de 10:00 a 13:00 horas, se ha instalado el stand de la campa\u00f1a de reciclaje de peque\u00f1os electrodom\u00e9sticos en la entrada del Paseo de Lario [&hellip;]<\/p>\n","protected":false},"author":1,"featured_media":13156,"comment_status":"open","ping_status":"open","sticky":false,"template":"","format":"standard","meta":[],"categories":[40],"tags":[],"_links":{"self":[{"href":"https:\/\/www.fael.es\/electroimplicate\/wp-json\/wp\/v2\/posts\/13155"}],"collection":[{"href":"https:\/\/www.fael.es\/electroimplicate\/wp-json\/wp\/v2\/posts"}],"about":[{"href":"https:\/\/www.fael.es\/electroimplicate\/wp-json\/wp\/v2\/types\/post"}],"author":[{"embeddable":true,"href":"https:\/\/www.fael.es\/electroimplicate\/wp-json\/wp\/v2\/users\/1"}],"replies":[{"embeddable":true,"href":"https:\/\/www.fael.es\/electroimplicate\/wp-json\/wp\/v2\/comments?post=13155"}],"version-history":[{"count":1,"href":"https:\/\/www.fael.es\/electroimplicate\/wp-json\/wp\/v2\/posts\/13155\/revisions"}],"predecessor-version":[{"id":13157,"href":"https:\/\/www.fael.es\/electroimplicate\/wp-json\/wp\/v2\/posts\/13155\/revisions\/13157"}],"wp:featuredmedia":[{"embeddable":true,"href":"https:\/\/www.fael.es\/electroimplicate\/wp-json\/wp\/v2\/media\/13156"}],"wp:attachment":[{"href":"https:\/\/www.fael.es\/electroimplicate\/wp-json\/wp\/v2\/media?parent=13155"}],"wp:term":[{"taxonomy":"category","embeddable":true,"href":"https:\/\/www.fael.es\/electroimplicate\/wp-json\/wp\/v2\/categories?post=13155"},{"taxonomy":"post_tag","embeddable":true,"href":"https:\/\/www.fael.es\/electroimplicate\/wp-json\/wp\/v2\/tags?post=13155"}],"curies":[{"name":"wp","href":"https:\/\/api.w.org\/{rel}","templated":true}]}}