{"id":13636,"date":"2017-10-05T11:52:27","date_gmt":"2017-10-05T11:52:27","guid":{"rendered":"http:\/\/www.fael.es\/electroimplicate\/?p=13636"},"modified":"2017-10-05T12:07:55","modified_gmt":"2017-10-05T12:07:55","slug":"fael-se-adhiere-a-la-alianza-para-la-formacion-profesional-dual-3","status":"publish","type":"post","link":"https:\/\/www.fael.es\/electroimplicate\/fael-se-adhiere-a-la-alianza-para-la-formacion-profesional-dual-3\/","title":{"rendered":"Fael se adhiere a la Alianza para la Formaci\u00f3n Profesional Dual"},"content":{"rendered":"<p style=\"text-align: left;\"><strong>FAEL se une a instituciones y empresas que apuestan por impulsar el modelo de formaci\u00f3n en alternancia en Espa\u00f1a<\/strong><\/p>\n<p>Bajo el t\u00edtulo \u201cFP Dual en Espa\u00f1a: pymes y competitividad\u201d, se est\u00e1 desarrollando en Valencia los d\u00edas 4 y 5 de octubre la III Edici\u00f3n del Foro de la Alianza para la Formaci\u00f3n Profesional Dual. El evento ha sido coorganizado por la Fundaci\u00f3n Bertelsmann y la Fundaci\u00f3n Bankia. Competitividad empresarial, pr\u00e1cticas sobre la FP Dual, enriquecimiento del aprendizaje de la FP, empleabilidad y los posibles impactos en el mundo laboral han sido algunos de los temas abordados en el evento.<\/p>\n<p>Para la Federaci\u00f3n Andaluza de Electrodom\u00e9sticos y otros Equipamientos del Hogar, FAEL, es estrat\u00e9gico participar activamente en la filosof\u00eda de la FP Dual mediante la incorporaci\u00f3n de profesionales a empresas del Sector Electro, por lo que apuesta firmemente por colaborar con la Consejer\u00eda de Empleo, centros educativos y otros agentes al objeto de potenciar y desarrollar este modelo de formaci\u00f3n en sus empresas asociadas.<\/p>\n<p>Seg\u00fan afirm\u00f3 ayer Carlos J. Bejarano Gonz\u00e1lez, Secretario General de FAEL, qui\u00e9n recog\u00eda una placa como reconocimiento de esa adhesi\u00f3n y colaboraci\u00f3n de FAEL con este programa de implantaci\u00f3n de la FP Dual en Espa\u00f1a, \u201cla Formaci\u00f3n Dual es clave para la mejora de la productividad y competitividad de las PYMEs del Sector Electro\u201d.<\/p>\n<p>Esta nueva modalidad que busca su lugar en el territorio espa\u00f1ol, toma como modelo programas de FP europeos como el de Alemania, donde el 70% de los estudiantes eligen esta modalidad, as\u00ed como el austriaco o franc\u00e9s, donde el n\u00famero de estudiantes que se decantan por esta modalidad de FP alcanza el 40%. Otros pa\u00edses como Dinamarca o los Pa\u00edses Bajos tambi\u00e9n presentan una alta tasa de estudiantes que optan por la modalidad de FP Dual. Este modelo combina las actividades formativas de cada titulaci\u00f3n entre el centro educativo y la empresa, foment\u00e1ndose de esta manera las competencias profesionales, as\u00ed como la cualificaci\u00f3n profesional.<\/p>\n<p>Por ello, FAEL promueve entre sus m\u00e1s de 2.000 empresas asociadas, introducir la cultura de la formaci\u00f3n profesional en alternancia que tan buenos resultados est\u00e1 dando en otros pa\u00edses europeos.<a href=\"https:\/\/www.fael.es\/electroimplicate\/wp-content\/uploads\/2017\/10\/IMG-20171004-WA00206.jpg\"><br \/>\n<\/a><\/p>\n<p><a href=\"https:\/\/www.fael.es\/electroimplicate\/wp-content\/uploads\/2017\/10\/IMG-20171004-WA00209-e1507205186440.jpg\"><img decoding=\"async\" loading=\"lazy\" class=\"aligncenter size-medium wp-image-13645\" src=\"https:\/\/www.fael.es\/electroimplicate\/wp-content\/uploads\/2017\/10\/IMG-20171004-WA00209-e1507205186440-208x300.jpg\" alt=\"IMG-20171004-WA0020\" width=\"208\" height=\"300\" srcset=\"https:\/\/www.fael.es\/electroimplicate\/wp-content\/uploads\/2017\/10\/IMG-20171004-WA00209-e1507205186440-208x300.jpg 208w, https:\/\/www.fael.es\/electroimplicate\/wp-content\/uploads\/2017\/10\/IMG-20171004-WA00209-e1507205186440.jpg 326w\" sizes=\"(max-width: 208px) 100vw, 208px\" \/><\/a><\/p>\n","protected":false},"excerpt":{"rendered":"<p>FAEL se une a instituciones y empresas que apuestan por impulsar el modelo de formaci\u00f3n en alternancia en Espa\u00f1a Bajo el t\u00edtulo \u201cFP Dual en Espa\u00f1a: pymes y competitividad\u201d, se est\u00e1 desarrollando en Valencia los d\u00edas 4 y 5 de octubre la III Edici\u00f3n del Foro de la Alianza para la Formaci\u00f3n Profesional Dual. El [&hellip;]<\/p>\n","protected":false},"author":1,"featured_media":13624,"comment_status":"open","ping_status":"open","sticky":false,"template":"","format":"standard","meta":[],"categories":[1],"tags":[],"_links":{"self":[{"href":"https:\/\/www.fael.es\/electroimplicate\/wp-json\/wp\/v2\/posts\/13636"}],"collection":[{"href":"https:\/\/www.fael.es\/electroimplicate\/wp-json\/wp\/v2\/posts"}],"about":[{"href":"https:\/\/www.fael.es\/electroimplicate\/wp-json\/wp\/v2\/types\/post"}],"author":[{"embeddable":true,"href":"https:\/\/www.fael.es\/electroimplicate\/wp-json\/wp\/v2\/users\/1"}],"replies":[{"embeddable":true,"href":"https:\/\/www.fael.es\/electroimplicate\/wp-json\/wp\/v2\/comments?post=13636"}],"version-history":[{"count":6,"href":"https:\/\/www.fael.es\/electroimplicate\/wp-json\/wp\/v2\/posts\/13636\/revisions"}],"predecessor-version":[{"id":13648,"href":"https:\/\/www.fael.es\/electroimplicate\/wp-json\/wp\/v2\/posts\/13636\/revisions\/13648"}],"wp:featuredmedia":[{"embeddable":true,"href":"https:\/\/www.fael.es\/electroimplicate\/wp-json\/wp\/v2\/media\/13624"}],"wp:attachment":[{"href":"https:\/\/www.fael.es\/electroimplicate\/wp-json\/wp\/v2\/media?parent=13636"}],"wp:term":[{"taxonomy":"category","embeddable":true,"href":"https:\/\/www.fael.es\/electroimplicate\/wp-json\/wp\/v2\/categories?post=13636"},{"taxonomy":"post_tag","embeddable":true,"href":"https:\/\/www.fael.es\/electroimplicate\/wp-json\/wp\/v2\/tags?post=13636"}],"curies":[{"name":"wp","href":"https:\/\/api.w.org\/{rel}","templated":true}]}}