{"id":13650,"date":"2017-10-11T12:08:58","date_gmt":"2017-10-11T12:08:58","guid":{"rendered":"http:\/\/www.fael.es\/electroimplicate\/?p=13650"},"modified":"2017-10-11T12:08:58","modified_gmt":"2017-10-11T12:08:58","slug":"sesion-formativa-y-de-sensibilizacion-en-el-ceip-el-lince-almonte","status":"publish","type":"post","link":"https:\/\/www.fael.es\/electroimplicate\/sesion-formativa-y-de-sensibilizacion-en-el-ceip-el-lince-almonte\/","title":{"rendered":"Sesi\u00f3n formativa y de sensibilizaci\u00f3n en el CEIP El Lince (Almonte)"},"content":{"rendered":"<p>Continuando con la campa\u00f1a \u201cLa naturaleza no necesita que le echemos ning\u00fan cable\u201d, en la ma\u00f1ana de hoy, ha tenido lugar la sesi\u00f3n formativa y de concienciaci\u00f3n en el CEIP El Lince (Almonte, Huelva), donde FAEL ha trasladado a los m\u00e1s peque\u00f1os la importancia de reciclar los PAE (Peque\u00f1os Aparatos El\u00e9ctricos) deposit\u00e1ndolos en los contenedores adecuados para su correcto reciclado (#tiendasFAEL).<\/p>\n<p style=\"text-align: left;\">El objetivo de esta campa\u00f1a es sensibilizar a la ciudadan\u00eda desde una temprana edad y mediante actividades din\u00e1micas, para que los j\u00f3venes tomen conciencia de qu\u00e9 residuos son altamente contaminantes y la importancia de reciclar, conociendo c\u00f3mo y d\u00f3nde se recoger\u00e1n estos RAEE (Residuos de Aparatos El\u00e9ctricos y Electr\u00f3nicos).<\/p>\n<p>Los alumnos realizaron con diferentes materiales la mascota de FAEL,<em><strong> \u201cFaelito\u201d,<\/strong><\/em> y adem\u00e1s, recibieron las conocidas bolsas naranjas que incluyen el logo de esta iniciativa.<\/p>\n<p>Hasta el 26 de octubre, en este centro, podr\u00e1n depositar los RAEE, que retirar\u00e1 m\u00e1s tarde AAEL\/FAEL.<a href=\"https:\/\/www.fael.es\/electroimplicate\/wp-content\/uploads\/2017\/10\/faeilito-ceip-el-lince.jpg\"><br \/>\n<\/a><a href=\"https:\/\/www.fael.es\/electroimplicate\/wp-content\/uploads\/2017\/10\/CEIPelLince.jpeg\"><img decoding=\"async\" loading=\"lazy\" class=\"size-medium wp-image-13651 alignleft\" src=\"https:\/\/www.fael.es\/electroimplicate\/wp-content\/uploads\/2017\/10\/CEIPelLince-300x225.jpeg\" alt=\"CEIPelLince\" width=\"300\" height=\"225\" srcset=\"https:\/\/www.fael.es\/electroimplicate\/wp-content\/uploads\/2017\/10\/CEIPelLince-300x225.jpeg 300w, https:\/\/www.fael.es\/electroimplicate\/wp-content\/uploads\/2017\/10\/CEIPelLince-1024x768.jpeg 1024w, https:\/\/www.fael.es\/electroimplicate\/wp-content\/uploads\/2017\/10\/CEIPelLince.jpeg 1600w\" sizes=\"(max-width: 300px) 100vw, 300px\" \/><\/a><a href=\"https:\/\/www.fael.es\/electroimplicate\/wp-content\/uploads\/2017\/10\/faeilito-ceip-el-lince.jpg\"><img decoding=\"async\" loading=\"lazy\" class=\"size-medium wp-image-13652 alignleft\" src=\"https:\/\/www.fael.es\/electroimplicate\/wp-content\/uploads\/2017\/10\/faeilito-ceip-el-lince-265x300.jpg\" alt=\"faeilito ceip el lince\" width=\"265\" height=\"300\" srcset=\"https:\/\/www.fael.es\/electroimplicate\/wp-content\/uploads\/2017\/10\/faeilito-ceip-el-lince-265x300.jpg 265w, https:\/\/www.fael.es\/electroimplicate\/wp-content\/uploads\/2017\/10\/faeilito-ceip-el-lince-903x1024.jpg 903w, https:\/\/www.fael.es\/electroimplicate\/wp-content\/uploads\/2017\/10\/faeilito-ceip-el-lince.jpg 1196w\" sizes=\"(max-width: 265px) 100vw, 265px\" \/><\/a><\/p>\n","protected":false},"excerpt":{"rendered":"<p>Continuando con la campa\u00f1a \u201cLa naturaleza no necesita que le echemos ning\u00fan cable\u201d, en la ma\u00f1ana de hoy, ha tenido lugar la sesi\u00f3n formativa y de concienciaci\u00f3n en el CEIP El Lince (Almonte, Huelva), donde FAEL ha trasladado a los m\u00e1s peque\u00f1os la importancia de reciclar los PAE (Peque\u00f1os Aparatos El\u00e9ctricos) deposit\u00e1ndolos en los contenedores [&hellip;]<\/p>\n","protected":false},"author":1,"featured_media":13653,"comment_status":"open","ping_status":"open","sticky":false,"template":"","format":"standard","meta":[],"categories":[1,40],"tags":[],"_links":{"self":[{"href":"https:\/\/www.fael.es\/electroimplicate\/wp-json\/wp\/v2\/posts\/13650"}],"collection":[{"href":"https:\/\/www.fael.es\/electroimplicate\/wp-json\/wp\/v2\/posts"}],"about":[{"href":"https:\/\/www.fael.es\/electroimplicate\/wp-json\/wp\/v2\/types\/post"}],"author":[{"embeddable":true,"href":"https:\/\/www.fael.es\/electroimplicate\/wp-json\/wp\/v2\/users\/1"}],"replies":[{"embeddable":true,"href":"https:\/\/www.fael.es\/electroimplicate\/wp-json\/wp\/v2\/comments?post=13650"}],"version-history":[{"count":1,"href":"https:\/\/www.fael.es\/electroimplicate\/wp-json\/wp\/v2\/posts\/13650\/revisions"}],"predecessor-version":[{"id":13654,"href":"https:\/\/www.fael.es\/electroimplicate\/wp-json\/wp\/v2\/posts\/13650\/revisions\/13654"}],"wp:featuredmedia":[{"embeddable":true,"href":"https:\/\/www.fael.es\/electroimplicate\/wp-json\/wp\/v2\/media\/13653"}],"wp:attachment":[{"href":"https:\/\/www.fael.es\/electroimplicate\/wp-json\/wp\/v2\/media?parent=13650"}],"wp:term":[{"taxonomy":"category","embeddable":true,"href":"https:\/\/www.fael.es\/electroimplicate\/wp-json\/wp\/v2\/categories?post=13650"},{"taxonomy":"post_tag","embeddable":true,"href":"https:\/\/www.fael.es\/electroimplicate\/wp-json\/wp\/v2\/tags?post=13650"}],"curies":[{"name":"wp","href":"https:\/\/api.w.org\/{rel}","templated":true}]}}